{"id":1984,"date":"2026-01-20T09:13:23","date_gmt":"2026-01-20T08:13:23","guid":{"rendered":"https:\/\/www.francescocutolo.it\/blog\/?p=1984"},"modified":"2026-02-04T08:01:48","modified_gmt":"2026-02-04T07:01:48","slug":"referendum-costituzionale-confermativo-dei-giorni-22-e-23-marzo-2026","status":"publish","type":"post","link":"https:\/\/www.francescocutolo.it\/blog\/2026\/01\/20\/referendum-costituzionale-confermativo-dei-giorni-22-e-23-marzo-2026\/","title":{"rendered":"Referendum Costituzionale Confermativo dei giorni 22 e 23 marzo 2026"},"content":{"rendered":"\n<p>Faccio una piccola premessa: ammetto che di per s\u00e9 l&#8217;argomento non mi appassiona pi\u00f9 di tanto soprattutto perch\u00e9 sono pi\u00f9 che convinto, letta la riforma a grandi linee, che per me cittadino non cambier\u00e0 assolutamente nulla!<\/p>\n\n\n\n<p>Detto questo, per\u00f2, in generale non capisco perch\u00e9 sottolineare che questa sar\u00e0 la &#8220;Riforma della Separazione delle Carriere&#8221; quando di fatto, nelle norme in essere, questa cosa \u00e8 gi\u00e0 cos\u00ec. Ma va bene, volete ribadirlo meglio? Fatelo pure ma perch\u00e9 scomodare la Costituzione? Perch\u00e9 dobbiamo triplicare i costi del CSM introducendo di fatto altri due organi identici? Ma soprattutto non capisco come si possa pensare di migliorare gli organi giudicanti &#8220;<em>tirando a sorte<\/em>&#8221; i futuri componenti. Allora se il principio \u00e8 quello di abolire le correnti, voglio che vengano tirati a sorte anche tutti i componenti laici (ovviamente tra tutti! non solo tra quelli scelti dai partiti)&#8230; e perch\u00e9 no!? anche i Parlamentari. Magari potrebbe essere la volta buona!<\/p>\n\n\n\n<p>La verit\u00e0 \u00e8 che dopo Mani Pulite e sull&#8217;onda di un repulisti generalizzato, si \u00e8 creato oggettivamente uno squilibrio Istituzionale che ha spostato i &#8220;pesi&#8221; Costituzionali pi\u00f9 a favore della Magistratura. Nella nostra imperfezione (Proporzionale compreso!), eravamo perfetti ma abbiamo voluto fare meglio invece che limitarci a fare bene! La futura Giustizia non sar\u00e0 pi\u00f9 efficiente, veloce, giusta\u2026 sar\u00e0 solo pi\u00f9 costosa e forse anche pi\u00f9 &#8220;assoggettabile&#8221; spostando i pesi dall&#8217;altro lato!<\/p>\n\n\n\n<p>Se decider\u00f2 di andare a votare, comunque voter\u00f2 NO cos\u00ec come non sostenni la Riforma Costituzionale del 1993. Sempre se decider\u00f2 di andare a votare&#8230;<\/p>\n<div style=\"margin-top: 0px; margin-bottom: 0px;\" class=\"sharethis-inline-share-buttons\" ><\/div>","protected":false},"excerpt":{"rendered":"<p>Faccio una piccola premessa: ammetto che di per s\u00e9 l&#8217;argomento non mi appassiona pi\u00f9 di tanto soprattutto perch\u00e9 sono pi\u00f9 che convinto, letta la riforma a grandi linee, che per me cittadino non cambier\u00e0 assolutamente nulla! Detto questo, per\u00f2, in generale non capisco perch\u00e9 sottolineare che questa sar\u00e0 la &#8220;Riforma della Separazione delle Carriere&#8221; quando &hellip; <\/p>\n<p class=\"link-more\"><a href=\"https:\/\/www.francescocutolo.it\/blog\/2026\/01\/20\/referendum-costituzionale-confermativo-dei-giorni-22-e-23-marzo-2026\/\" class=\"more-link\">Leggi tutto<span class=\"screen-reader-text\"> &#8220;Referendum Costituzionale Confermativo dei giorni 22 e 23 marzo 2026&#8221;<\/span><\/a><\/p>\n","protected":false},"author":1,"featured_media":0,"comment_status":"closed","ping_status":"open","sticky":false,"template":"","format":"standard","meta":{"footnotes":""},"categories":[9,7],"tags":[24,26,25,22],"class_list":["post-1984","post","type-post","status-publish","format-standard","hentry","category-pensieri","category-politica","tag-costituzione","tag-giustizia","tag-politica","tag-referendum"],"_links":{"self":[{"href":"https:\/\/www.francescocutolo.it\/blog\/wp-json\/wp\/v2\/posts\/1984","targetHints":{"allow":["GET"]}}],"collection":[{"href":"https:\/\/www.francescocutolo.it\/blog\/wp-json\/wp\/v2\/posts"}],"about":[{"href":"https:\/\/www.francescocutolo.it\/blog\/wp-json\/wp\/v2\/types\/post"}],"author":[{"embeddable":true,"href":"https:\/\/www.francescocutolo.it\/blog\/wp-json\/wp\/v2\/users\/1"}],"replies":[{"embeddable":true,"href":"https:\/\/www.francescocutolo.it\/blog\/wp-json\/wp\/v2\/comments?post=1984"}],"version-history":[{"count":3,"href":"https:\/\/www.francescocutolo.it\/blog\/wp-json\/wp\/v2\/posts\/1984\/revisions"}],"predecessor-version":[{"id":1997,"href":"https:\/\/www.francescocutolo.it\/blog\/wp-json\/wp\/v2\/posts\/1984\/revisions\/1997"}],"wp:attachment":[{"href":"https:\/\/www.francescocutolo.it\/blog\/wp-json\/wp\/v2\/media?parent=1984"}],"wp:term":[{"taxonomy":"category","embeddable":true,"href":"https:\/\/www.francescocutolo.it\/blog\/wp-json\/wp\/v2\/categories?post=1984"},{"taxonomy":"post_tag","embeddable":true,"href":"https:\/\/www.francescocutolo.it\/blog\/wp-json\/wp\/v2\/tags?post=1984"}],"curies":[{"name":"wp","href":"https:\/\/api.w.org\/{rel}","templated":true}]}}